{"id":348,"date":"2019-02-12T14:34:20","date_gmt":"2019-02-12T14:34:20","guid":{"rendered":"http:\/\/www.lemfoerde-ausbildung.de\/?p=348"},"modified":"2019-10-21T14:45:25","modified_gmt":"2019-10-21T14:45:25","slug":"348","status":"publish","type":"post","link":"http:\/\/www.lemfoerde-ausbildung.de\/?p=348","title":{"rendered":"<!-- wp:image {\"id\":235,\"width\":446,\"height\":187} --> <figure class=\"wp-block-image is-resized\"><img src=\"http:\/\/www.lemfoerde-ausbildung.de\/wp-content\/uploads\/2018\/12\/ATV-1024x429.jpg\" alt=\"\" class=\"wp-image-235\" width=\"446\" height=\"187\"\/><\/figure> <!-- \/wp:image -->"},"content":{"rendered":"\n<figure class=\"wp-block-image\"><img decoding=\"async\" src=\"https:\/\/www.seniorenresidenz-lemfoerde.de\/media\/images\/image20-2x.png\" alt=\"\"\/><figcaption><br><\/figcaption><\/figure>\n\n\n\n<p>Die ATV Seniorenresidenz Lemf\u00f6rde ist ein Dienstleister, der sich speziell der Versorgung von \u00e4lteren sowie pflegebed\u00fcrftigen und erkrankten Menschen widmet. Sie ist eine Einrichtung der ATV-Gruppe mit einer Seniorenresidenz in Koblenz, einem gro\u00dfen ambulanten Pflegedienst mit Beatmungspflege und zwei Tagespflegen. Insgesamt vertrauen uns \u00fcber 480 pflegebed\u00fcrftige und erkrankte Menschen sowie Mitarbeiter.<\/p>\n\n\n\n<p>In unserer Lemf\u00f6rder Einrichtung sind ca. 60 Mitarbeiter in den Bereichen Pflege und Betreuung, K\u00fcche und Hauswirtschaft, Geb\u00e4udereinigung sowie Technik besch\u00e4ftigt.<\/p>\n\n\n\n<p>Sie m\u00f6chten eine Ausbildung bei der ATV Seniorenresidenz Lemf\u00f6rde beginnen? Wir bilden regelm\u00e4\u00dfig aus \u2013&nbsp;zum <a href=\"http:\/\/www.lemfoerde-ausbildung.de\/?p=322\">Altenpfleger (m\/w\/d)<\/a>. Au\u00dferdem erm\u00f6glichen wir Ihnen vorab ein Vorpraktikum im Beruf des Altenpflegers (m\/w).<\/p>\n\n\n\n<p>Bewerben Sie sich bei uns vorab telefonisch, per E-Mail oder pers\u00f6nlich. W\u00e4hrend Ihrer Ausbildung in unserem Betrieb ist ein Auslandsaufenthalt m\u00f6glich. Nach Beendigen Ihrer Ausbildung ist eine \u00dcbernahme generell m\u00f6glich.<\/p>\n\n\n\n<pre class=\"wp-block-preformatted\">Kontaktdaten<br>Ansprechpartner: Thorsten Grimm<br>Anschrift: Am Burggraben 13, 49448 Lemf\u00f6rde<br>Telefon: 05443-9910<br>E-Mail: Lemfoerde@ATV-Seniorenbetreuung.de<br>Homepage: <a href=\"http:\/\/www.seniorenresidenz-lemf\u00f6rde.de\" target=\"_blank\" rel=\"noreferrer noopener\" aria-label=\"www.seniorenresidenz-lemf\u00f6rde.de (\u00f6ffnet in neuem Tab)\">www.seniorenresidenz-lemf\u00f6rde.de<\/a><\/pre>\n","protected":false},"excerpt":{"rendered":"<p>Die ATV Seniorenresidenz Lemf\u00f6rde ist ein Dienstleister, der sich speziell der Versorgung von \u00e4lteren sowie pflegebed\u00fcrftigen und erkrankten Menschen widmet. Sie ist eine Einrichtung der ATV-Gruppe mit einer Seniorenresidenz in Koblenz, einem gro\u00dfen ambulanten Pflegedienst mit Beatmungspflege und zwei Tagespflegen. Insgesamt vertrauen uns \u00fcber 480 pflegebed\u00fcrftige und erkrankte Menschen sowie Mitarbeiter. In unserer Lemf\u00f6rder Einrichtung &hellip; <a href=\"http:\/\/www.lemfoerde-ausbildung.de\/?p=348\" class=\"more-link\"><span class=\"screen-reader-text\">\u201e<!-- wp:image {\"id\":235,\"width\":446,\"height\":187} --> <\/p>\n<figure class=\"wp-block-image is-resized\"><img loading=\"lazy\" decoding=\"async\" src=\"http:\/\/www.lemfoerde-ausbildung.de\/wp-content\/uploads\/2018\/12\/ATV-1024x429.jpg\" alt=\"\" class=\"wp-image-235\" width=\"446\" height=\"187\"\/><\/figure>\n<p> <!-- \/wp:image -->\u201c<\/span> weiterlesen<\/a><\/p>\n","protected":false},"author":3,"featured_media":0,"comment_status":"closed","ping_status":"closed","sticky":false,"template":"","format":"standard","meta":{"footnotes":""},"categories":[33,16],"tags":[],"class_list":["post-348","post","type-post","status-publish","format-standard","hentry","category-dienstleistungen","category-praktikum"],"_links":{"self":[{"href":"http:\/\/www.lemfoerde-ausbildung.de\/index.php?rest_route=\/wp\/v2\/posts\/348","targetHints":{"allow":["GET"]}}],"collection":[{"href":"http:\/\/www.lemfoerde-ausbildung.de\/index.php?rest_route=\/wp\/v2\/posts"}],"about":[{"href":"http:\/\/www.lemfoerde-ausbildung.de\/index.php?rest_route=\/wp\/v2\/types\/post"}],"author":[{"embeddable":true,"href":"http:\/\/www.lemfoerde-ausbildung.de\/index.php?rest_route=\/wp\/v2\/users\/3"}],"replies":[{"embeddable":true,"href":"http:\/\/www.lemfoerde-ausbildung.de\/index.php?rest_route=%2Fwp%2Fv2%2Fcomments&post=348"}],"version-history":[{"count":16,"href":"http:\/\/www.lemfoerde-ausbildung.de\/index.php?rest_route=\/wp\/v2\/posts\/348\/revisions"}],"predecessor-version":[{"id":789,"href":"http:\/\/www.lemfoerde-ausbildung.de\/index.php?rest_route=\/wp\/v2\/posts\/348\/revisions\/789"}],"wp:attachment":[{"href":"http:\/\/www.lemfoerde-ausbildung.de\/index.php?rest_route=%2Fwp%2Fv2%2Fmedia&parent=348"}],"wp:term":[{"taxonomy":"category","embeddable":true,"href":"http:\/\/www.lemfoerde-ausbildung.de\/index.php?rest_route=%2Fwp%2Fv2%2Fcategories&post=348"},{"taxonomy":"post_tag","embeddable":true,"href":"http:\/\/www.lemfoerde-ausbildung.de\/index.php?rest_route=%2Fwp%2Fv2%2Ftags&post=348"}],"curies":[{"name":"wp","href":"https:\/\/api.w.org\/{rel}","templated":true}]}}