{"id":310,"date":"2018-12-21T10:53:40","date_gmt":"2018-12-21T10:53:40","guid":{"rendered":"http:\/\/www.lemfoerde-ausbildung.de\/?p=310"},"modified":"2019-02-26T14:52:22","modified_gmt":"2019-02-26T14:52:22","slug":"verwaltungsfachangestelle-kommunalverwaltung-m-w","status":"publish","type":"post","link":"http:\/\/www.lemfoerde-ausbildung.de\/?p=310","title":{"rendered":"Verwaltungsfachangestelle  &#8211; Kommunalverwaltung (m\/w\/d)"},"content":{"rendered":"\n<h3 class=\"wp-block-heading\" id=\"b10-0_Titel\">Die T\u00e4tigkeit im \u00dcberblick<\/h3>\n\n\n\n<p>Verwaltungsfachangestellte der Fachrichtung Kommunalverwaltung erledigen B\u00fcro- und Verwaltungsarbeiten in Beh\u00f6rden und Institutionen der Kommunen. Sie erarbeiten Verwaltungsvorschriften und -entscheidungen, arbeiten an der Umsetzung von Beschl\u00fcssen mit, f\u00fchren Akten und beraten B\u00fcrger\/innen.<\/p>\n\n\n\n<h3 class=\"wp-block-heading\" id=\"a10-0_Titel\">Die Ausbildung im \u00dcberblick<\/h3>\n\n\n\n<p>Verwaltungsfachangestellte\/r der Fachrichtung Kommunalverwaltung ist ein 3-j\u00e4hriger anerkannter Ausbildungsberuf im \u00f6ffentlichen Dienst.<\/p>\n\n\n\n<h3 class=\"wp-block-heading\" id=\"b12-1_Titel\">Typische Branchen<\/h3>\n\n\n\n<p>Verwaltungsfachangestellte der Fachrichtung Kommunalverwaltung finden Besch\u00e4ftigung<\/p>\n\n\n\n<ul class=\"wp-block-list\"><li>bei Gemeinde- und Kreisverwaltungen<br><\/li><li>in kommunalen \u00c4mtern und Beh\u00f6rden, z.B. Bau-, Gesundheits- oder Kultur\u00e4mter<br><\/li><\/ul>\n\n\n\n<p><a rel=\"noreferrer noopener\" aria-label=\"Berufsbild Verwaltungsfachangestellte (m\/w) - Kommunalverwaltung (\u00f6ffnet in neuem Tab)\" href=\"https:\/\/berufenet.arbeitsagentur.de\/berufenet\/faces\/index?path=null\/suchergebnisse\/kurzbeschreibung&amp;dkz=7944&amp;such=Verwaltungsfachangestellte%2Fr+-+Kommunalverwaltung\" target=\"_blank\">Berufsbild Verwaltungsfachangestellte &#8211; Kommunalverwaltung (m\/w\/d)<\/a><\/p>\n\n\n\n<figure class=\"wp-block-image is-resized\"><a href=\"http:\/\/www.lemfoerde-ausbildung.de\/?p=139\"><img loading=\"lazy\" decoding=\"async\" src=\"http:\/\/www.lemfoerde-ausbildung.de\/wp-content\/uploads\/2019\/01\/image-1.png\" alt=\"\" class=\"wp-image-519\" width=\"118\" height=\"138\"\/><\/a><\/figure>\n","protected":false},"excerpt":{"rendered":"<p>Die T\u00e4tigkeit im \u00dcberblick Verwaltungsfachangestellte der Fachrichtung Kommunalverwaltung erledigen B\u00fcro- und Verwaltungsarbeiten in Beh\u00f6rden und Institutionen der Kommunen. Sie erarbeiten Verwaltungsvorschriften und -entscheidungen, arbeiten an der Umsetzung von Beschl\u00fcssen mit, f\u00fchren Akten und beraten B\u00fcrger\/innen. Die Ausbildung im \u00dcberblick Verwaltungsfachangestellte\/r der Fachrichtung Kommunalverwaltung ist ein 3-j\u00e4hriger anerkannter Ausbildungsberuf im \u00f6ffentlichen Dienst. Typische Branchen Verwaltungsfachangestellte der &hellip; <a href=\"http:\/\/www.lemfoerde-ausbildung.de\/?p=310\" class=\"more-link\"><span class=\"screen-reader-text\">\u201eVerwaltungsfachangestelle  &#8211; Kommunalverwaltung (m\/w\/d)\u201c<\/span> weiterlesen<\/a><\/p>\n","protected":false},"author":3,"featured_media":0,"comment_status":"closed","ping_status":"closed","sticky":false,"template":"","format":"standard","meta":{"footnotes":""},"categories":[36,32,16],"tags":[],"class_list":["post-310","post","type-post","status-publish","format-standard","hentry","category-behoerde","category-duales-studium","category-praktikum"],"_links":{"self":[{"href":"http:\/\/www.lemfoerde-ausbildung.de\/index.php?rest_route=\/wp\/v2\/posts\/310","targetHints":{"allow":["GET"]}}],"collection":[{"href":"http:\/\/www.lemfoerde-ausbildung.de\/index.php?rest_route=\/wp\/v2\/posts"}],"about":[{"href":"http:\/\/www.lemfoerde-ausbildung.de\/index.php?rest_route=\/wp\/v2\/types\/post"}],"author":[{"embeddable":true,"href":"http:\/\/www.lemfoerde-ausbildung.de\/index.php?rest_route=\/wp\/v2\/users\/3"}],"replies":[{"embeddable":true,"href":"http:\/\/www.lemfoerde-ausbildung.de\/index.php?rest_route=%2Fwp%2Fv2%2Fcomments&post=310"}],"version-history":[{"count":8,"href":"http:\/\/www.lemfoerde-ausbildung.de\/index.php?rest_route=\/wp\/v2\/posts\/310\/revisions"}],"predecessor-version":[{"id":690,"href":"http:\/\/www.lemfoerde-ausbildung.de\/index.php?rest_route=\/wp\/v2\/posts\/310\/revisions\/690"}],"wp:attachment":[{"href":"http:\/\/www.lemfoerde-ausbildung.de\/index.php?rest_route=%2Fwp%2Fv2%2Fmedia&parent=310"}],"wp:term":[{"taxonomy":"category","embeddable":true,"href":"http:\/\/www.lemfoerde-ausbildung.de\/index.php?rest_route=%2Fwp%2Fv2%2Fcategories&post=310"},{"taxonomy":"post_tag","embeddable":true,"href":"http:\/\/www.lemfoerde-ausbildung.de\/index.php?rest_route=%2Fwp%2Fv2%2Ftags&post=310"}],"curies":[{"name":"wp","href":"https:\/\/api.w.org\/{rel}","templated":true}]}}