{"id":302,"date":"2018-12-18T15:03:36","date_gmt":"2018-12-18T15:03:36","guid":{"rendered":"http:\/\/www.lemfoerde-ausbildung.de\/?p=302"},"modified":"2020-10-22T08:19:24","modified_gmt":"2020-10-22T08:19:24","slug":"verkaeufer-m-w-d","status":"publish","type":"post","link":"http:\/\/www.lemfoerde-ausbildung.de\/?p=302","title":{"rendered":"Verk\u00e4ufer (m\/w\/d)"},"content":{"rendered":"\n<h3 class=\"wp-block-heading\" id=\"b10-0_Titel\">Die T\u00e4tigkeit im \u00dcberblick<\/h3>\n\n\n\n<p>Verk\u00e4ufer\/innen verkaufen Waren aller Art. Sie beraten Kunden, bedienen die Kasse und f\u00fchren Abrechnungen durch.<\/p>\n\n\n\n<h3 class=\"wp-block-heading\" id=\"a10-0_Titel\">Die Ausbildung im \u00dcberblick<\/h3>\n\n\n\n<p>Verk\u00e4ufer\/in ist ein 2-j\u00e4hriger anerkannter Ausbildungsberuf im Handel.<\/p>\n\n\n\n<h3 class=\"wp-block-heading\" id=\"b12-1_Titel\">Typische Branchen<\/h3>\n\n\n\n<p>Verk\u00e4ufer\/innen finden Besch\u00e4ftigung in erster Linie<\/p>\n\n\n\n<ul class=\"wp-block-list\"><li>in Einzelhandelsunternehmen, z.B. in Modeh\u00e4usern, Kaufh\u00e4usern, Superm\u00e4rkten, Lebensmittelfachgesch\u00e4ften, Baum\u00e4rkten, Tankstellen oder im Versandhandel<\/li><li>im Vermietungs- und Verleihgewerbe<\/li><li>im Ladenbereich von Flugh\u00e4fen<\/li><\/ul>\n\n\n\n<p><a rel=\"noreferrer noopener\" aria-label=\"Berufsbild Verk\u00e4ufer (\u00f6ffnet in neuem Tab)\" href=\"https:\/\/berufenet.arbeitsagentur.de\/berufenet\/faces\/index;BERUFENETJSESSIONID=hDXBzFv7cifhE6605F3Hcqh1t_sglbLUoRwRATTntaU4-gCLgTkD!1136689229?path=null\/suchergebnisse\/kurzbeschreibung&amp;dkz=6628&amp;such=verk%C3%A4ufer\" target=\"_blank\">Berufsbild Verk\u00e4ufer<\/a><a rel=\"noreferrer noopener\" href=\"https:\/\/berufenet.arbeitsagentur.de\/berufenet\/faces\/index?path=null\/suchergebnisse\/kurzbeschreibung&amp;dkz=15164&amp;such=Anlagenmechaniker\" target=\"_blank\">(m\/w\/d)<\/a> <\/p>\n\n\n\n<div class=\"wp-block-image is-style-default\"><figure class=\"alignleft size-large is-resized\"><a href=\"http:\/\/www.lemfoerde-ausbildung.de\/?p=97\"><img loading=\"lazy\" decoding=\"async\" src=\"http:\/\/www.lemfoerde-ausbildung.de\/wp-content\/uploads\/2020\/10\/Edeka-Schwoeppe-e1603354337369.png\" alt=\"\" class=\"wp-image-821\" width=\"143\" height=\"174\" srcset=\"http:\/\/www.lemfoerde-ausbildung.de\/wp-content\/uploads\/2020\/10\/Edeka-Schwoeppe-e1603354337369.png 757w, http:\/\/www.lemfoerde-ausbildung.de\/wp-content\/uploads\/2020\/10\/Edeka-Schwoeppe-e1603354337369-245x300.png 245w\" sizes=\"auto, (max-width: 143px) 85vw, 143px\" \/><\/a><\/figure><\/div>\n","protected":false},"excerpt":{"rendered":"<p>Die T\u00e4tigkeit im \u00dcberblick Verk\u00e4ufer\/innen verkaufen Waren aller Art. Sie beraten Kunden, bedienen die Kasse und f\u00fchren Abrechnungen durch. Die Ausbildung im \u00dcberblick Verk\u00e4ufer\/in ist ein 2-j\u00e4hriger anerkannter Ausbildungsberuf im Handel. Typische Branchen Verk\u00e4ufer\/innen finden Besch\u00e4ftigung in erster Linie in Einzelhandelsunternehmen, z.B. in Modeh\u00e4usern, Kaufh\u00e4usern, Superm\u00e4rkten, Lebensmittelfachgesch\u00e4ften, Baum\u00e4rkten, Tankstellen oder im Versandhandel im Vermietungs- und &hellip; <a href=\"http:\/\/www.lemfoerde-ausbildung.de\/?p=302\" class=\"more-link\"><span class=\"screen-reader-text\">\u201eVerk\u00e4ufer (m\/w\/d)\u201c<\/span> weiterlesen<\/a><\/p>\n","protected":false},"author":3,"featured_media":0,"comment_status":"closed","ping_status":"closed","sticky":false,"template":"","format":"standard","meta":{"footnotes":""},"categories":[30,16],"tags":[],"class_list":["post-302","post","type-post","status-publish","format-standard","hentry","category-handel","category-praktikum"],"_links":{"self":[{"href":"http:\/\/www.lemfoerde-ausbildung.de\/index.php?rest_route=\/wp\/v2\/posts\/302","targetHints":{"allow":["GET"]}}],"collection":[{"href":"http:\/\/www.lemfoerde-ausbildung.de\/index.php?rest_route=\/wp\/v2\/posts"}],"about":[{"href":"http:\/\/www.lemfoerde-ausbildung.de\/index.php?rest_route=\/wp\/v2\/types\/post"}],"author":[{"embeddable":true,"href":"http:\/\/www.lemfoerde-ausbildung.de\/index.php?rest_route=\/wp\/v2\/users\/3"}],"replies":[{"embeddable":true,"href":"http:\/\/www.lemfoerde-ausbildung.de\/index.php?rest_route=%2Fwp%2Fv2%2Fcomments&post=302"}],"version-history":[{"count":6,"href":"http:\/\/www.lemfoerde-ausbildung.de\/index.php?rest_route=\/wp\/v2\/posts\/302\/revisions"}],"predecessor-version":[{"id":824,"href":"http:\/\/www.lemfoerde-ausbildung.de\/index.php?rest_route=\/wp\/v2\/posts\/302\/revisions\/824"}],"wp:attachment":[{"href":"http:\/\/www.lemfoerde-ausbildung.de\/index.php?rest_route=%2Fwp%2Fv2%2Fmedia&parent=302"}],"wp:term":[{"taxonomy":"category","embeddable":true,"href":"http:\/\/www.lemfoerde-ausbildung.de\/index.php?rest_route=%2Fwp%2Fv2%2Fcategories&post=302"},{"taxonomy":"post_tag","embeddable":true,"href":"http:\/\/www.lemfoerde-ausbildung.de\/index.php?rest_route=%2Fwp%2Fv2%2Ftags&post=302"}],"curies":[{"name":"wp","href":"https:\/\/api.w.org\/{rel}","templated":true}]}}