{"id":177,"date":"2018-12-11T10:02:56","date_gmt":"2018-12-11T10:02:56","guid":{"rendered":"http:\/\/www.lemfoerde-ausbildung.de\/?p=177"},"modified":"2019-02-26T14:59:57","modified_gmt":"2019-02-26T14:59:57","slug":"fachkraft-lagerlogistik-m-w","status":"publish","type":"post","link":"http:\/\/www.lemfoerde-ausbildung.de\/?p=177","title":{"rendered":"Fachkraft &#8211; Lagerlogistik (m\/w\/d)"},"content":{"rendered":"\n<div id=\"pt1:r1:0:pt2:content\" class=\"ben-content-abschnitt\">\n<h3 id=\"b10-0_Titel\">Die T\u00e4tigkeit im \u00dcberblick<\/h3>\n<div class=\"ben-content-abschnitt\">\n<div id=\"b10-0_0_Content_1\">Fachkr\u00e4fte f\u00fcr Lagerlogistik nehmen G\u00fcter an, kontrollieren sie und lagern sie sachgerecht. Sie stellen Lieferungen und Tourenpl\u00e4ne zusammen, verladen und versenden G\u00fcter. Au\u00dferdem wirken sie bei der Optimierung logistischer Prozesse mit.<\/div>\n<div>&nbsp;<\/div>\n<\/div>\n<\/div>\n\n\n\n<div id=\"pt1:r1:0:pt2:contentj_id_1\" class=\"ben-content-abschnitt\">\n<h3 id=\"a10-0_Titel\">Die Ausbildung im \u00dcberblick<\/h3>\n<div>\n<div id=\"a10-0_0_Content_1\">Fachkraft f\u00fcr Lagerlogistik ist ein 3-j\u00e4hriger anerkannter Ausbildungsberuf in Industrie und Handel. Die Ausbildung findet auch im Handwerk statt.<\/div>\n<div>&nbsp;<\/div>\n<\/div>\n<\/div>\n\n\n\n<div id=\"pt1:r1:0:pt2:contentj_id_4\" class=\"ben-content-abschnitt\">\n<h3 id=\"b12-1_Titel\">Typische Branchen<\/h3>\n<div>\n<div id=\"b12-01_0_Content_1\">Fachkr\u00e4fte f\u00fcr Lagerlogistik finden Besch\u00e4ftigung in Unternehmen nahezu aller Wirtschaftsbereiche.<\/div>\n<div>&nbsp;<\/div>\n<\/div>\n<\/div>\n\n\n\n<p><a href=\"https:\/\/berufenet.arbeitsagentur.de\/berufenet\/faces\/index?path=null\/suchergebnisse\/kurzbeschreibung&amp;dkz=27448&amp;such=Fachkraft+-+Lagerlogistik\" target=\"_blank\" rel=\"noreferrer noopener\" aria-label=\"Berufsbild Fachkraft - Lagerlogistik (m\/w\/d) (\u00f6ffnet in neuem Tab)\">Berufsbild Fachkraft &#8211; Lagerlogistik (m\/w\/d)<\/a><\/p>\n\n\n\n<figure class=\"wp-block-image is-resized\"><a href=\"http:\/\/www.lemfoerde-ausbildung.de\/?p=100\"><img loading=\"lazy\" decoding=\"async\" src=\"https:\/\/www.getraenke-meyer.de\/typo3temp\/pics\/37816a6541.jpg\" alt=\"\" width=\"215\" height=\"100\"\/><\/a><\/figure>\n","protected":false},"excerpt":{"rendered":"<p>Die T\u00e4tigkeit im \u00dcberblick Fachkr\u00e4fte f\u00fcr Lagerlogistik nehmen G\u00fcter an, kontrollieren sie und lagern sie sachgerecht. Sie stellen Lieferungen und Tourenpl\u00e4ne zusammen, verladen und versenden G\u00fcter. Au\u00dferdem wirken sie bei der Optimierung logistischer Prozesse mit. &nbsp; Die Ausbildung im \u00dcberblick Fachkraft f\u00fcr Lagerlogistik ist ein 3-j\u00e4hriger anerkannter Ausbildungsberuf in Industrie und Handel. Die Ausbildung findet &hellip; <a href=\"http:\/\/www.lemfoerde-ausbildung.de\/?p=177\" class=\"more-link\"><span class=\"screen-reader-text\">\u201eFachkraft &#8211; Lagerlogistik (m\/w\/d)\u201c<\/span> weiterlesen<\/a><\/p>\n","protected":false},"author":3,"featured_media":0,"comment_status":"closed","ping_status":"closed","sticky":false,"template":"","format":"standard","meta":{"footnotes":""},"categories":[16],"tags":[],"class_list":["post-177","post","type-post","status-publish","format-standard","hentry","category-praktikum"],"_links":{"self":[{"href":"http:\/\/www.lemfoerde-ausbildung.de\/index.php?rest_route=\/wp\/v2\/posts\/177","targetHints":{"allow":["GET"]}}],"collection":[{"href":"http:\/\/www.lemfoerde-ausbildung.de\/index.php?rest_route=\/wp\/v2\/posts"}],"about":[{"href":"http:\/\/www.lemfoerde-ausbildung.de\/index.php?rest_route=\/wp\/v2\/types\/post"}],"author":[{"embeddable":true,"href":"http:\/\/www.lemfoerde-ausbildung.de\/index.php?rest_route=\/wp\/v2\/users\/3"}],"replies":[{"embeddable":true,"href":"http:\/\/www.lemfoerde-ausbildung.de\/index.php?rest_route=%2Fwp%2Fv2%2Fcomments&post=177"}],"version-history":[{"count":8,"href":"http:\/\/www.lemfoerde-ausbildung.de\/index.php?rest_route=\/wp\/v2\/posts\/177\/revisions"}],"predecessor-version":[{"id":708,"href":"http:\/\/www.lemfoerde-ausbildung.de\/index.php?rest_route=\/wp\/v2\/posts\/177\/revisions\/708"}],"wp:attachment":[{"href":"http:\/\/www.lemfoerde-ausbildung.de\/index.php?rest_route=%2Fwp%2Fv2%2Fmedia&parent=177"}],"wp:term":[{"taxonomy":"category","embeddable":true,"href":"http:\/\/www.lemfoerde-ausbildung.de\/index.php?rest_route=%2Fwp%2Fv2%2Fcategories&post=177"},{"taxonomy":"post_tag","embeddable":true,"href":"http:\/\/www.lemfoerde-ausbildung.de\/index.php?rest_route=%2Fwp%2Fv2%2Ftags&post=177"}],"curies":[{"name":"wp","href":"https:\/\/api.w.org\/{rel}","templated":true}]}}