{"id":170,"date":"2018-12-13T13:53:39","date_gmt":"2018-12-13T13:53:39","guid":{"rendered":"http:\/\/www.lemfoerde-ausbildung.de\/?p=170"},"modified":"2019-03-01T15:00:05","modified_gmt":"2019-03-01T15:00:05","slug":"dachdecker-m-w","status":"publish","type":"post","link":"http:\/\/www.lemfoerde-ausbildung.de\/?p=170","title":{"rendered":"Dachdecker (m\/w\/d)"},"content":{"rendered":"\n<div id=\"pt1:r1:1:pt2:content\" class=\"ben-content-abschnitt\">\n<h3 id=\"b10-0_Titel\">Die T\u00e4tigkeit im \u00dcberblick<\/h3>\n<div class=\"ben-content-abschnitt\">\n<div id=\"b10-0_0_Content_1\">Dachdecker\/innen versehen Geb\u00e4uded\u00e4cher mit Deckmaterialien, verkleiden Au\u00dfenw\u00e4nde und dichten Fl\u00e4chen an D\u00e4chern und Bauwerken ab. Sie f\u00fchren energetische Geb\u00e4udema\u00dfnahmen durch, montieren Dachfenster, Dachrinnen und Blitzschutzanlagen und bauen Solaranlagen ein.<\/div>\n<div>&nbsp;<\/div>\n<\/div>\n<\/div>\n\n\n\n<div id=\"pt1:r1:1:pt2:contentj_id_1\" class=\"ben-content-abschnitt\">\n<h3 id=\"a10-0_Titel\">Die Ausbildung im \u00dcberblick<\/h3>\n<div>\n<div id=\"a10-0_0_Content_1\">Dachdecker\/in ist ein 3-j\u00e4hriger anerkannter Ausbildungsberuf im Handwerk.<\/div>\n<div>&nbsp;<\/div>\n<\/div>\n<\/div>\n\n\n\n<div id=\"pt1:r1:1:pt2:contentj_id_4\" class=\"ben-content-abschnitt\">\n<h3 id=\"b12-1_Titel\">Typische Branchen<\/h3>\n<div>\n<div id=\"b12-01_0_Content_1\">Dachdecker\/innen finden Besch\u00e4ftigung in Betrieben des Dachdecker-Handwerks und anderen Bedachungsunternehmen.<\/div>\n<\/div>\n<\/div>\n\n\n\n<p><\/p>\n\n\n\n<p><a rel=\"noopener noreferrer\" href=\"https:\/\/berufenet.arbeitsagentur.de\/berufenet\/faces\/index;BERUFENETJSESSIONID=FD2colkA5jzsnWGS1xeH92UptkZtw0mpcZg94FuRbrW9a6po2a8q!1571221991?path=null\/kurzbeschreibung&amp;dkz=129406&amp;such=Dachdecker%2Fin\" target=\"_blank\">Berufsbild Dachdecker (m\/w\/d)<\/a><\/p>\n\n\n\n<figure class=\"wp-block-image\"><a href=\"http:\/\/www.lemfoerde-ausbildung.de\/?p=47\"><img loading=\"lazy\" decoding=\"async\" width=\"205\" height=\"57\" src=\"http:\/\/www.lemfoerde-ausbildung.de\/wp-content\/uploads\/2018\/12\/Logo_Schnabel_mit_Adresse_Pfade.jpg\" alt=\"\" class=\"wp-image-25\"\/><\/a><\/figure>\n\n\n\n<p><\/p>\n\n\n\n<figure class=\"wp-block-image is-resized\"><a href=\"http:\/\/www.lemfoerde-ausbildung.de\/?p=152\"><img loading=\"lazy\" decoding=\"async\" src=\"http:\/\/www.lemfoerde-ausbildung.de\/wp-content\/uploads\/2018\/12\/Thrien_klein.jpg\" alt=\"\" class=\"wp-image-265\" width=\"203\" height=\"171\" srcset=\"http:\/\/www.lemfoerde-ausbildung.de\/wp-content\/uploads\/2018\/12\/Thrien_klein.jpg 352w, http:\/\/www.lemfoerde-ausbildung.de\/wp-content\/uploads\/2018\/12\/Thrien_klein-300x253.jpg 300w\" sizes=\"auto, (max-width: 203px) 85vw, 203px\" \/><\/a><\/figure>\n","protected":false},"excerpt":{"rendered":"<p>Die T\u00e4tigkeit im \u00dcberblick Dachdecker\/innen versehen Geb\u00e4uded\u00e4cher mit Deckmaterialien, verkleiden Au\u00dfenw\u00e4nde und dichten Fl\u00e4chen an D\u00e4chern und Bauwerken ab. Sie f\u00fchren energetische Geb\u00e4udema\u00dfnahmen durch, montieren Dachfenster, Dachrinnen und Blitzschutzanlagen und bauen Solaranlagen ein. &nbsp; Die Ausbildung im \u00dcberblick Dachdecker\/in ist ein 3-j\u00e4hriger anerkannter Ausbildungsberuf im Handwerk. &nbsp; Typische Branchen Dachdecker\/innen finden Besch\u00e4ftigung in Betrieben des &hellip; <a href=\"http:\/\/www.lemfoerde-ausbildung.de\/?p=170\" class=\"more-link\"><span class=\"screen-reader-text\">\u201eDachdecker (m\/w\/d)\u201c<\/span> weiterlesen<\/a><\/p>\n","protected":false},"author":3,"featured_media":0,"comment_status":"closed","ping_status":"closed","sticky":false,"template":"","format":"standard","meta":{"footnotes":""},"categories":[17,16],"tags":[],"class_list":["post-170","post","type-post","status-publish","format-standard","hentry","category-handwerk","category-praktikum"],"_links":{"self":[{"href":"http:\/\/www.lemfoerde-ausbildung.de\/index.php?rest_route=\/wp\/v2\/posts\/170","targetHints":{"allow":["GET"]}}],"collection":[{"href":"http:\/\/www.lemfoerde-ausbildung.de\/index.php?rest_route=\/wp\/v2\/posts"}],"about":[{"href":"http:\/\/www.lemfoerde-ausbildung.de\/index.php?rest_route=\/wp\/v2\/types\/post"}],"author":[{"embeddable":true,"href":"http:\/\/www.lemfoerde-ausbildung.de\/index.php?rest_route=\/wp\/v2\/users\/3"}],"replies":[{"embeddable":true,"href":"http:\/\/www.lemfoerde-ausbildung.de\/index.php?rest_route=%2Fwp%2Fv2%2Fcomments&post=170"}],"version-history":[{"count":7,"href":"http:\/\/www.lemfoerde-ausbildung.de\/index.php?rest_route=\/wp\/v2\/posts\/170\/revisions"}],"predecessor-version":[{"id":808,"href":"http:\/\/www.lemfoerde-ausbildung.de\/index.php?rest_route=\/wp\/v2\/posts\/170\/revisions\/808"}],"wp:attachment":[{"href":"http:\/\/www.lemfoerde-ausbildung.de\/index.php?rest_route=%2Fwp%2Fv2%2Fmedia&parent=170"}],"wp:term":[{"taxonomy":"category","embeddable":true,"href":"http:\/\/www.lemfoerde-ausbildung.de\/index.php?rest_route=%2Fwp%2Fv2%2Fcategories&post=170"},{"taxonomy":"post_tag","embeddable":true,"href":"http:\/\/www.lemfoerde-ausbildung.de\/index.php?rest_route=%2Fwp%2Fv2%2Ftags&post=170"}],"curies":[{"name":"wp","href":"https:\/\/api.w.org\/{rel}","templated":true}]}}