{"id":152,"date":"2018-12-10T14:54:42","date_gmt":"2018-12-10T14:54:42","guid":{"rendered":"http:\/\/www.lemfoerde-ausbildung.de\/?page_id=152"},"modified":"2020-11-09T09:02:38","modified_gmt":"2020-11-09T09:02:38","slug":"thrien-bedachungen-gmbh","status":"publish","type":"post","link":"http:\/\/www.lemfoerde-ausbildung.de\/?p=152","title":{"rendered":"Thrien Dach- und Holzbau GmbH"},"content":{"rendered":"\n<p><\/p>\n\n\n\n<p>Sie m\u00f6chten eine Ausbildung bei Thrien Dach- und Holzbau GmbH beginnen? Wir bilden regelm\u00e4\u00dfig aus \u2013\u00a0zum\u00a0<a href=\"http:\/\/www.lemfoerde-ausbildung.de\/?p=170\">Dachdecker (m\/w\/d)<\/a>.<\/p>\n\n\n\n<p>Bewerben Sie sich bei uns schriftlich oder per E-Mail. Nach Beendigen Ihrer Ausbildung ist eine \u00dcbernahme generell m\u00f6glich.<\/p>\n\n\n\n<pre class=\"wp-block-preformatted\">Kontaktdaten\nAnsprechpartner: Marius Meyer\nAnschrift: Kirchstra\u00dfe 31, 49448 Brockum\nTelefon: 05443-474\nE-Mail: info@thrien-brockum.de\nHomepage: <a href=\"http:\/\/www.thrien-brockum.de\" target=\"_blank\" rel=\"noreferrer noopener\">www.thrien-brockum.de<\/a><\/pre>\n","protected":false},"excerpt":{"rendered":"<p>Sie m\u00f6chten eine Ausbildung bei Thrien Dach- und Holzbau GmbH beginnen? Wir bilden regelm\u00e4\u00dfig aus \u2013\u00a0zum\u00a0Dachdecker (m\/w\/d). Bewerben Sie sich bei uns schriftlich oder per E-Mail. Nach Beendigen Ihrer Ausbildung ist eine \u00dcbernahme generell m\u00f6glich. Kontaktdaten Ansprechpartner: Marius Meyer Anschrift: Kirchstra\u00dfe 31, 49448 Brockum Telefon: 05443-474 E-Mail: info@thrien-brockum.de Homepage: www.thrien-brockum.de<\/p>\n","protected":false},"author":3,"featured_media":0,"comment_status":"closed","ping_status":"closed","sticky":false,"template":"","format":"standard","meta":{"footnotes":""},"categories":[17,16],"tags":[],"class_list":["post-152","post","type-post","status-publish","format-standard","hentry","category-handwerk","category-praktikum"],"_links":{"self":[{"href":"http:\/\/www.lemfoerde-ausbildung.de\/index.php?rest_route=\/wp\/v2\/posts\/152","targetHints":{"allow":["GET"]}}],"collection":[{"href":"http:\/\/www.lemfoerde-ausbildung.de\/index.php?rest_route=\/wp\/v2\/posts"}],"about":[{"href":"http:\/\/www.lemfoerde-ausbildung.de\/index.php?rest_route=\/wp\/v2\/types\/post"}],"author":[{"embeddable":true,"href":"http:\/\/www.lemfoerde-ausbildung.de\/index.php?rest_route=\/wp\/v2\/users\/3"}],"replies":[{"embeddable":true,"href":"http:\/\/www.lemfoerde-ausbildung.de\/index.php?rest_route=%2Fwp%2Fv2%2Fcomments&post=152"}],"version-history":[{"count":13,"href":"http:\/\/www.lemfoerde-ausbildung.de\/index.php?rest_route=\/wp\/v2\/posts\/152\/revisions"}],"predecessor-version":[{"id":845,"href":"http:\/\/www.lemfoerde-ausbildung.de\/index.php?rest_route=\/wp\/v2\/posts\/152\/revisions\/845"}],"wp:attachment":[{"href":"http:\/\/www.lemfoerde-ausbildung.de\/index.php?rest_route=%2Fwp%2Fv2%2Fmedia&parent=152"}],"wp:term":[{"taxonomy":"category","embeddable":true,"href":"http:\/\/www.lemfoerde-ausbildung.de\/index.php?rest_route=%2Fwp%2Fv2%2Fcategories&post=152"},{"taxonomy":"post_tag","embeddable":true,"href":"http:\/\/www.lemfoerde-ausbildung.de\/index.php?rest_route=%2Fwp%2Fv2%2Ftags&post=152"}],"curies":[{"name":"wp","href":"https:\/\/api.w.org\/{rel}","templated":true}]}}